{"id":4774,"date":"2020-06-29T21:07:05","date_gmt":"2020-06-29T19:07:05","guid":{"rendered":"https:\/\/www.skydiveinterlaken.ch\/?p=4774"},"modified":"2020-06-29T21:07:05","modified_gmt":"2020-06-29T19:07:05","slug":"fallschirmspringer-wetter-gute-und-schlecht-wetterverhaeltnisse","status":"publish","type":"post","link":"https:\/\/www.skydiveinterlaken.ch\/de\/blog\/fallschirmspringer-wetter-gute-und-schlecht-wetterverhaeltnisse\/","title":{"rendered":"Fallschirmspringer-Wetter. Gute und schlecht Wetterverh\u00e4ltnisse."},"content":{"rendered":"<h2>Welches ist das beste Wetter f\u00fcr das Fallschirmspringen? Die beliebteste Frage, die wir hier bei Skydive Interlaken bekommen! Das liegt daran, dass der Traum eines jeden Fallschirmspringers von einer Sache abh\u00e4ngt, du hast es erraten &#8211; dem Wetter. In diesem Artikel werden wir unser Bestes tun, um dir die guten und die schlechten\u00a0 Wetterverh\u00e4ltnissen zu erkl\u00e4ren.<\/h2>\n<p><span style=\"font-weight: 400;\">Unser Sprungplatz befindet sich an einem der sch\u00f6nsten Orte der Welt &#8211; in den Schweizer Alpen! Das alpine Klima hat schnell wechselndes Wetter, das selbst f\u00fcr Profis extrem schwer vorhersehbar ist. Wetter-Apps sind v\u00f6llig unzuverl\u00e4ssig und sollten nicht verwendet werden, um zu bestimmen, ob wir an einem bestimmten Tag Fallschirm springen werden oder nicht. Hier bei Skydive Interlaken k\u00f6nnen wir an den meisten Tagen des Jahres springen, und die verschiedenen Wettertypen k\u00f6nnen die Landschaft noch abwechslungsreicher und aufregender machen. <\/span><\/p>\n<p><span style=\"font-weight: 400;\">Wenn du an einer Buchung interessiert bist, brauchst du also nicht in den Wetter-Apps nachzusehen &#8211; buche einfach! Wenn wir sicher sind, dass du aufgrund des Wetters nicht springen kannst, werden wir dich am Vortag kontaktieren, um dich auf dem Laufenden zu halten. Mit Verschiebungen gehen wir sehr flexibel um, es soll ja f\u00fcr alle passen.<\/span><\/p>\n<h3><b>Gute Wetterverh\u00e4ltnisse&#8230;<\/b><\/h3>\n<p><b>Blauer Himmel (und kein Wind)<\/b><\/p>\n<p><span style=\"font-weight: 400;\">Ein Traum der Fallschirmspringer. Blauer Himmel (und kein Wind) machen deinen und unseren Tag stressfrei. Sorglos k\u00f6nnen wir den ganzen Tag springen und einfache den Sonnenschein genie\u00dfen!\u00a0<\/span><\/p>\n<p><b>Blauer Himmel und einige Wolken<\/b><\/p>\n<p><span style=\"font-weight: 400;\">Ein blauer Himmel mit ein paar Wolken rundherum macht die Erfahrung sogar noch aufregender! Wenn du also am Tag deines Sprungs ein paar Wolken siehst, mache dir keine Sorgen, dein Erlebnis wir nur noch besser sein.<\/span><\/p>\n<p><img decoding=\"async\" class=\"aligncenter wp-image-4733\" src=\"https:\/\/www.skydiveinterlaken.ch\/wp-content\/uploads\/2020\/06\/Skydive-Interlaken-Clouds.jpg\" alt=\"Fallschirmspringer-Wetter\" width=\"600\" height=\"480\" srcset=\"https:\/\/www.skydiveinterlaken.ch\/wp-content\/uploads\/2020\/06\/Skydive-Interlaken-Clouds.jpg 1920w, https:\/\/www.skydiveinterlaken.ch\/wp-content\/uploads\/2020\/06\/Skydive-Interlaken-Clouds-300x240.jpg 300w, https:\/\/www.skydiveinterlaken.ch\/wp-content\/uploads\/2020\/06\/Skydive-Interlaken-Clouds-1024x819.jpg 1024w, https:\/\/www.skydiveinterlaken.ch\/wp-content\/uploads\/2020\/06\/Skydive-Interlaken-Clouds-768x614.jpg 768w, https:\/\/www.skydiveinterlaken.ch\/wp-content\/uploads\/2020\/06\/Skydive-Interlaken-Clouds-1536x1229.jpg 1536w, https:\/\/www.skydiveinterlaken.ch\/wp-content\/uploads\/2020\/06\/Skydive-Interlaken-Clouds-640x512.jpg 640w, https:\/\/www.skydiveinterlaken.ch\/wp-content\/uploads\/2020\/06\/Skydive-Interlaken-Clouds-1200x960.jpg 1200w\" sizes=\"(max-width: 639px) 98vw, (max-width: 1199px) 64vw, 600px\" \/><\/p>\n<h3><b>Schlechten Wetterverh\u00e4ltnisse&#8230;<\/b><\/h3>\n<p><b>Wind<\/b><\/p>\n<p><span style=\"font-weight: 400;\">Starke Winde sind schlechte Nachrichten f\u00fcr Fallschirmspringer. Starke Winde k\u00f6nnen einen Fallschirm an Orte schieben, an denen Fallschirmspringer wirklich nicht sein sollten &#8211; wie \u00fcber die Stadt, den See oder die Berge. Und selbst wenn die Fallschirme es bis zum Landeplatz zur\u00fcck schaffen, kann das Landen unangenehm werden &#8211; bei zu viel Wind zu springen ist also ein Tabu!<\/span><\/p>\n<p><b>Nebel<\/b><\/p>\n<p><span style=\"font-weight: 400;\">Eine Nebelschicht kann von oben sch\u00f6n aussehen! Aber auch dies kann das Fallschirmspringen erschweren. Der Helikopter kann normalerweise seinen Weg \u00fcber die Nebelschicht finden, aber dann k\u00f6nnen wir den Boden nicht mehr sehen &#8211; was ein Problem sein kann, wenn wir wieder sicher bei uns auf dem Sprungplatz landen wollen. Wir haben kein GPS dabei und die Hubschrauberpiloten auch nicht, also werden wir bei Nebel warten, bis sich der Nebel lichtet.<\/span><\/p>\n<p><b>Regen\/Schnee<\/b><\/p>\n<p><span style=\"font-weight: 400;\">Fliegen im Regen\/Schnee klingt nach Spa\u00df! Aber leider kann ein Fallschirm, wenn er beim Fliegen mit Wasser ges\u00e4ttigt wird, zu schwer werden und einen Str\u00f6mungsabriss verursachen&#8230; nicht ideal! Daher ist Regen f\u00fcr Fallschirmspringer ein Tabu.<\/span><\/p>\n<p><img decoding=\"async\" class=\"aligncenter wp-image-4735\" src=\"https:\/\/www.skydiveinterlaken.ch\/wp-content\/uploads\/2020\/06\/Skydiving-storm.jpeg\" alt=\"Fallschirmspringer-Wetter\" width=\"600\" height=\"195\" srcset=\"https:\/\/www.skydiveinterlaken.ch\/wp-content\/uploads\/2020\/06\/Skydiving-storm.jpeg 1136w, https:\/\/www.skydiveinterlaken.ch\/wp-content\/uploads\/2020\/06\/Skydiving-storm-300x97.jpeg 300w, https:\/\/www.skydiveinterlaken.ch\/wp-content\/uploads\/2020\/06\/Skydiving-storm-1024x333.jpeg 1024w, https:\/\/www.skydiveinterlaken.ch\/wp-content\/uploads\/2020\/06\/Skydiving-storm-768x249.jpeg 768w, https:\/\/www.skydiveinterlaken.ch\/wp-content\/uploads\/2020\/06\/Skydiving-storm-640x208.jpeg 640w\" sizes=\"(max-width: 639px) 98vw, (max-width: 1199px) 64vw, 600px\" \/><\/p>\n<h3><b>Spezielle Wetterverh\u00e4ltnisse &#8211; gef\u00e4hrlich aber auch sch\u00f6n&#8230;<\/b><\/h3>\n<p><b>F\u00f6hn<\/b><\/p>\n<p><span style=\"font-weight: 400;\">Eine zus\u00e4tzliche Gefahr hier in den Alpen ist ein sehr starker, warmer Wind, der F\u00f6hn. Verursacht durch einen grossen Druckunterschied zwischen den beiden Alpenseiten (Lugano und Z\u00fcrich), erzeugt dieses Wetter sch\u00f6ne linsenf\u00f6rmige Wolken (siehe Bild unten), und die Luft f\u00fchlt sich warm an &#8211; kann aber f\u00fcr diejenigen, die fliegen, absolut t\u00f6dlich sein.<\/span><\/p>\n<p><span style=\"font-weight: 400;\">Bei dieser Art von Wettersystemen kann der Wind innerhalb einer Minute von 0 auf 150km\/h ansteigen und somit ist dies eine der gef\u00e4hrlichsten\u00a0 Wetterph\u00e4nomenen f\u00fcr uns Fallschirmspringer. Wenn der F\u00f6hn hoch ist, bleiben wir normalerweise mit den F\u00fc\u00dfen fest auf dem Boden.<\/span><\/p>\n<p><img decoding=\"async\" class=\"aligncenter wp-image-4737\" src=\"https:\/\/www.skydiveinterlaken.ch\/wp-content\/uploads\/2020\/06\/Foehn-clouds-skydive-interlaken.jpg\" alt=\"Fallschirmspringen Interlaken\" width=\"600\" height=\"390\" srcset=\"https:\/\/www.skydiveinterlaken.ch\/wp-content\/uploads\/2020\/06\/Foehn-clouds-skydive-interlaken.jpg 1920w, https:\/\/www.skydiveinterlaken.ch\/wp-content\/uploads\/2020\/06\/Foehn-clouds-skydive-interlaken-300x195.jpg 300w, https:\/\/www.skydiveinterlaken.ch\/wp-content\/uploads\/2020\/06\/Foehn-clouds-skydive-interlaken-1024x666.jpg 1024w, https:\/\/www.skydiveinterlaken.ch\/wp-content\/uploads\/2020\/06\/Foehn-clouds-skydive-interlaken-768x500.jpg 768w, https:\/\/www.skydiveinterlaken.ch\/wp-content\/uploads\/2020\/06\/Foehn-clouds-skydive-interlaken-1536x999.jpg 1536w, https:\/\/www.skydiveinterlaken.ch\/wp-content\/uploads\/2020\/06\/Foehn-clouds-skydive-interlaken-640x416.jpg 640w, https:\/\/www.skydiveinterlaken.ch\/wp-content\/uploads\/2020\/06\/Foehn-clouds-skydive-interlaken-1200x781.jpg 1200w\" sizes=\"(max-width: 639px) 98vw, (max-width: 1199px) 64vw, 600px\" \/><\/p>\n<p><span style=\"font-weight: 400;\">Hier bei Skydive Interlaken ist Sicherheit unsere Priorit\u00e4t Nummer 1! Wir springen seit 20 Jahren genau an dieser Stelle, daher kann man mit Sicherheit sagen, dass wir dieses Gebiet und die verschiedenen Wetterlagen gut kennen. Das bedeutet, dass du dich nie um das Wetter oder Ihre Sicherheit sorgen musst, wenn du mit uns einen Fallschirmsprung machen m\u00f6chtest.<\/span><\/p>\n<p><span style=\"font-weight: 400;\">Wenn du sehen m\u00f6chtest, wie sich das Wetter gerade entwickelt, kannst du dich jederzeit unsere <\/span><a href=\"https:\/\/www.skydiveinterlaken.ch\/webcam-live-weather-interlaken\/\" target=\"_blank\" rel=\"noopener noreferrer\"><span style=\"font-weight: 400;\">Live-Webcams hier ansehen<\/span><\/a><span style=\"font-weight: 400;\">.<\/span><\/p>\n<p><span style=\"font-weight: 400;\">Weitere Einzelheiten \u00fcber Interlaken <\/span><span style=\"font-weight: 400;\">findest Du auf <a href=\"https:\/\/www.skydiveinterlaken.ch\/airsports\/interlaken-switzerland\/\" target=\"_blank\" rel=\"noopener noreferrer\">unserer Website<\/a><\/span><span style=\"font-weight: 400;\">.<\/span><\/p>\n","protected":false},"excerpt":{"rendered":"<p>Welches ist das beste Wetter f\u00fcr das Fallschirmspringen? Die beliebteste Frage, die wir hier bei Skydive Interlaken bekommen! Das liegt daran, dass der Traum eines jeden Fallschirmspringers von einer Sache abh\u00e4ngt, du hast es erraten &#8211; dem Wetter. In diesem Artikel werden wir unser Bestes tun, um dir die guten und die schlechten\u00a0 Wetterverh\u00e4ltnissen zu [&hellip;]<\/p>\n","protected":false},"author":1,"featured_media":4752,"comment_status":"open","ping_status":"open","sticky":false,"template":"","format":"standard","meta":{"_acf_changed":false,"inline_featured_image":false,"footnotes":""},"categories":[48],"tags":[49,56,57],"class_list":["post-4774","post","type-post","status-publish","format-standard","has-post-thumbnail","hentry","category-fallschirmsprung","tag-fallschirmspringen","tag-fallschirmspringen-schweiz","tag-fallschirmspringen-schweizer-alpen"],"acf":[],"yoast_head":"<!-- This site is optimized with the Yoast SEO plugin v27.4 - https:\/\/yoast.com\/product\/yoast-seo-wordpress\/ -->\n<title>Fallschirmspringer-Wetter. Gute und schlecht Wetterverh\u00e4ltnisse. - Skydive Interlaken<\/title>\n<meta name=\"robots\" content=\"index, follow, max-snippet:-1, max-image-preview:large, max-video-preview:-1\" \/>\n<link rel=\"canonical\" href=\"https:\/\/www.skydiveinterlaken.ch\/de\/blog\/fallschirmspringer-wetter-gute-und-schlecht-wetterverhaeltnisse\/\" \/>\n<meta property=\"og:locale\" content=\"de_DE\" \/>\n<meta property=\"og:type\" content=\"article\" \/>\n<meta property=\"og:title\" content=\"Fallschirmspringer-Wetter. Gute und schlecht Wetterverh\u00e4ltnisse. - Skydive Interlaken\" \/>\n<meta property=\"og:description\" content=\"Welches ist das beste Wetter f\u00fcr das Fallschirmspringen? Die beliebteste Frage, die wir hier bei Skydive Interlaken bekommen! Das liegt daran, dass der Traum eines jeden Fallschirmspringers von einer Sache abh\u00e4ngt, du hast es erraten &#8211; dem Wetter. In diesem Artikel werden wir unser Bestes tun, um dir die guten und die schlechten\u00a0 Wetterverh\u00e4ltnissen zu [&hellip;]\" \/>\n<meta property=\"og:url\" content=\"https:\/\/www.skydiveinterlaken.ch\/de\/blog\/fallschirmspringer-wetter-gute-und-schlecht-wetterverhaeltnisse\/\" \/>\n<meta property=\"og:site_name\" content=\"Skydive Interlaken\" \/>\n<meta property=\"article:published_time\" content=\"2020-06-29T19:07:05+00:00\" \/>\n<meta property=\"og:image\" content=\"https:\/\/www.skydiveinterlaken.ch\/wp-content\/uploads\/2020\/06\/4P1A8473-2.jpg\" \/>\n\t<meta property=\"og:image:width\" content=\"1920\" \/>\n\t<meta property=\"og:image:height\" content=\"1536\" \/>\n\t<meta property=\"og:image:type\" content=\"image\/jpeg\" \/>\n<meta name=\"author\" content=\"admin\" \/>\n<meta name=\"twitter:card\" content=\"summary_large_image\" \/>\n<meta name=\"twitter:label1\" content=\"Verfasst von\" \/>\n\t<meta name=\"twitter:data1\" content=\"admin\" \/>\n\t<meta name=\"twitter:label2\" content=\"Gesch\u00e4tzte Lesezeit\" \/>\n\t<meta name=\"twitter:data2\" content=\"3\u00a0Minuten\" \/>\n<script type=\"application\/ld+json\" class=\"yoast-schema-graph\">{\"@context\":\"https:\\\/\\\/schema.org\",\"@graph\":[{\"@type\":\"Article\",\"@id\":\"https:\\\/\\\/www.skydiveinterlaken.ch\\\/de\\\/blog\\\/fallschirmspringer-wetter-gute-und-schlecht-wetterverhaeltnisse\\\/#article\",\"isPartOf\":{\"@id\":\"https:\\\/\\\/www.skydiveinterlaken.ch\\\/de\\\/blog\\\/fallschirmspringer-wetter-gute-und-schlecht-wetterverhaeltnisse\\\/\"},\"author\":{\"name\":\"admin\",\"@id\":\"https:\\\/\\\/www.skydiveinterlaken.ch\\\/#\\\/schema\\\/person\\\/c0b8785524eaab5a5d219e16b4bd7657\"},\"headline\":\"Fallschirmspringer-Wetter. Gute und schlecht Wetterverh\u00e4ltnisse.\",\"datePublished\":\"2020-06-29T19:07:05+00:00\",\"mainEntityOfPage\":{\"@id\":\"https:\\\/\\\/www.skydiveinterlaken.ch\\\/de\\\/blog\\\/fallschirmspringer-wetter-gute-und-schlecht-wetterverhaeltnisse\\\/\"},\"wordCount\":672,\"commentCount\":0,\"publisher\":{\"@id\":\"https:\\\/\\\/www.skydiveinterlaken.ch\\\/#organization\"},\"image\":{\"@id\":\"https:\\\/\\\/www.skydiveinterlaken.ch\\\/de\\\/blog\\\/fallschirmspringer-wetter-gute-und-schlecht-wetterverhaeltnisse\\\/#primaryimage\"},\"thumbnailUrl\":\"https:\\\/\\\/www.skydiveinterlaken.ch\\\/wp-content\\\/uploads\\\/2020\\\/06\\\/4P1A8473-2.jpg\",\"keywords\":[\"Fallschirmspringen\",\"Fallschirmspringen Schweiz\",\"Fallschirmspringen Schweizer Alpen\"],\"articleSection\":[\"Fallschirmsprung\"],\"inLanguage\":\"de\",\"potentialAction\":[{\"@type\":\"CommentAction\",\"name\":\"Comment\",\"target\":[\"https:\\\/\\\/www.skydiveinterlaken.ch\\\/de\\\/blog\\\/fallschirmspringer-wetter-gute-und-schlecht-wetterverhaeltnisse\\\/#respond\"]}]},{\"@type\":\"WebPage\",\"@id\":\"https:\\\/\\\/www.skydiveinterlaken.ch\\\/de\\\/blog\\\/fallschirmspringer-wetter-gute-und-schlecht-wetterverhaeltnisse\\\/\",\"url\":\"https:\\\/\\\/www.skydiveinterlaken.ch\\\/de\\\/blog\\\/fallschirmspringer-wetter-gute-und-schlecht-wetterverhaeltnisse\\\/\",\"name\":\"Fallschirmspringer-Wetter. Gute und schlecht Wetterverh\u00e4ltnisse. - Skydive Interlaken\",\"isPartOf\":{\"@id\":\"https:\\\/\\\/www.skydiveinterlaken.ch\\\/#website\"},\"primaryImageOfPage\":{\"@id\":\"https:\\\/\\\/www.skydiveinterlaken.ch\\\/de\\\/blog\\\/fallschirmspringer-wetter-gute-und-schlecht-wetterverhaeltnisse\\\/#primaryimage\"},\"image\":{\"@id\":\"https:\\\/\\\/www.skydiveinterlaken.ch\\\/de\\\/blog\\\/fallschirmspringer-wetter-gute-und-schlecht-wetterverhaeltnisse\\\/#primaryimage\"},\"thumbnailUrl\":\"https:\\\/\\\/www.skydiveinterlaken.ch\\\/wp-content\\\/uploads\\\/2020\\\/06\\\/4P1A8473-2.jpg\",\"datePublished\":\"2020-06-29T19:07:05+00:00\",\"breadcrumb\":{\"@id\":\"https:\\\/\\\/www.skydiveinterlaken.ch\\\/de\\\/blog\\\/fallschirmspringer-wetter-gute-und-schlecht-wetterverhaeltnisse\\\/#breadcrumb\"},\"inLanguage\":\"de\",\"potentialAction\":[{\"@type\":\"ReadAction\",\"target\":[\"https:\\\/\\\/www.skydiveinterlaken.ch\\\/de\\\/blog\\\/fallschirmspringer-wetter-gute-und-schlecht-wetterverhaeltnisse\\\/\"]}]},{\"@type\":\"ImageObject\",\"inLanguage\":\"de\",\"@id\":\"https:\\\/\\\/www.skydiveinterlaken.ch\\\/de\\\/blog\\\/fallschirmspringer-wetter-gute-und-schlecht-wetterverhaeltnisse\\\/#primaryimage\",\"url\":\"https:\\\/\\\/www.skydiveinterlaken.ch\\\/wp-content\\\/uploads\\\/2020\\\/06\\\/4P1A8473-2.jpg\",\"contentUrl\":\"https:\\\/\\\/www.skydiveinterlaken.ch\\\/wp-content\\\/uploads\\\/2020\\\/06\\\/4P1A8473-2.jpg\",\"width\":1920,\"height\":1536,\"caption\":\"tandem skydiving\"},{\"@type\":\"BreadcrumbList\",\"@id\":\"https:\\\/\\\/www.skydiveinterlaken.ch\\\/de\\\/blog\\\/fallschirmspringer-wetter-gute-und-schlecht-wetterverhaeltnisse\\\/#breadcrumb\",\"itemListElement\":[{\"@type\":\"ListItem\",\"position\":1,\"name\":\"Home\",\"item\":\"https:\\\/\\\/www.skydiveinterlaken.ch\\\/de\\\/\"},{\"@type\":\"ListItem\",\"position\":2,\"name\":\"Fallschirmspringer-Wetter. Gute und schlecht Wetterverh\u00e4ltnisse.\"}]},{\"@type\":\"WebSite\",\"@id\":\"https:\\\/\\\/www.skydiveinterlaken.ch\\\/#website\",\"url\":\"https:\\\/\\\/www.skydiveinterlaken.ch\\\/\",\"name\":\"Skydive Interlaken\",\"description\":\"\",\"publisher\":{\"@id\":\"https:\\\/\\\/www.skydiveinterlaken.ch\\\/#organization\"},\"potentialAction\":[{\"@type\":\"SearchAction\",\"target\":{\"@type\":\"EntryPoint\",\"urlTemplate\":\"https:\\\/\\\/www.skydiveinterlaken.ch\\\/?s={search_term_string}\"},\"query-input\":{\"@type\":\"PropertyValueSpecification\",\"valueRequired\":true,\"valueName\":\"search_term_string\"}}],\"inLanguage\":\"de\"},{\"@type\":\"Organization\",\"@id\":\"https:\\\/\\\/www.skydiveinterlaken.ch\\\/#organization\",\"name\":\"Skydive Interlaken\",\"url\":\"https:\\\/\\\/www.skydiveinterlaken.ch\\\/\",\"logo\":{\"@type\":\"ImageObject\",\"inLanguage\":\"de\",\"@id\":\"https:\\\/\\\/www.skydiveinterlaken.ch\\\/#\\\/schema\\\/logo\\\/image\\\/\",\"url\":\"https:\\\/\\\/www.skydiveinterlaken.ch\\\/wp-content\\\/uploads\\\/2025\\\/07\\\/google-icon.png\",\"contentUrl\":\"https:\\\/\\\/www.skydiveinterlaken.ch\\\/wp-content\\\/uploads\\\/2025\\\/07\\\/google-icon.png\",\"width\":512,\"height\":512,\"caption\":\"Skydive Interlaken\"},\"image\":{\"@id\":\"https:\\\/\\\/www.skydiveinterlaken.ch\\\/#\\\/schema\\\/logo\\\/image\\\/\"}},{\"@type\":\"Person\",\"@id\":\"https:\\\/\\\/www.skydiveinterlaken.ch\\\/#\\\/schema\\\/person\\\/c0b8785524eaab5a5d219e16b4bd7657\",\"name\":\"admin\",\"image\":{\"@type\":\"ImageObject\",\"inLanguage\":\"de\",\"@id\":\"https:\\\/\\\/secure.gravatar.com\\\/avatar\\\/82dc830957d4cafcdb06be30c3086ca0387b88d6bb83d08ea28a46fdd6e75837?s=96&d=mm&r=g\",\"url\":\"https:\\\/\\\/secure.gravatar.com\\\/avatar\\\/82dc830957d4cafcdb06be30c3086ca0387b88d6bb83d08ea28a46fdd6e75837?s=96&d=mm&r=g\",\"contentUrl\":\"https:\\\/\\\/secure.gravatar.com\\\/avatar\\\/82dc830957d4cafcdb06be30c3086ca0387b88d6bb83d08ea28a46fdd6e75837?s=96&d=mm&r=g\",\"caption\":\"admin\"},\"url\":\"https:\\\/\\\/www.skydiveinterlaken.ch\\\/de\\\/blog\\\/author\\\/admin\\\/\"}]}<\/script>\n<!-- \/ Yoast SEO plugin. -->","yoast_head_json":{"title":"Fallschirmspringer-Wetter. Gute und schlecht Wetterverh\u00e4ltnisse. - Skydive Interlaken","robots":{"index":"index","follow":"follow","max-snippet":"max-snippet:-1","max-image-preview":"max-image-preview:large","max-video-preview":"max-video-preview:-1"},"canonical":"https:\/\/www.skydiveinterlaken.ch\/de\/blog\/fallschirmspringer-wetter-gute-und-schlecht-wetterverhaeltnisse\/","og_locale":"de_DE","og_type":"article","og_title":"Fallschirmspringer-Wetter. Gute und schlecht Wetterverh\u00e4ltnisse. - Skydive Interlaken","og_description":"Welches ist das beste Wetter f\u00fcr das Fallschirmspringen? Die beliebteste Frage, die wir hier bei Skydive Interlaken bekommen! Das liegt daran, dass der Traum eines jeden Fallschirmspringers von einer Sache abh\u00e4ngt, du hast es erraten &#8211; dem Wetter. In diesem Artikel werden wir unser Bestes tun, um dir die guten und die schlechten\u00a0 Wetterverh\u00e4ltnissen zu [&hellip;]","og_url":"https:\/\/www.skydiveinterlaken.ch\/de\/blog\/fallschirmspringer-wetter-gute-und-schlecht-wetterverhaeltnisse\/","og_site_name":"Skydive Interlaken","article_published_time":"2020-06-29T19:07:05+00:00","og_image":[{"width":1920,"height":1536,"url":"https:\/\/www.skydiveinterlaken.ch\/wp-content\/uploads\/2020\/06\/4P1A8473-2.jpg","type":"image\/jpeg"}],"author":"admin","twitter_card":"summary_large_image","twitter_misc":{"Verfasst von":"admin","Gesch\u00e4tzte Lesezeit":"3\u00a0Minuten"},"schema":{"@context":"https:\/\/schema.org","@graph":[{"@type":"Article","@id":"https:\/\/www.skydiveinterlaken.ch\/de\/blog\/fallschirmspringer-wetter-gute-und-schlecht-wetterverhaeltnisse\/#article","isPartOf":{"@id":"https:\/\/www.skydiveinterlaken.ch\/de\/blog\/fallschirmspringer-wetter-gute-und-schlecht-wetterverhaeltnisse\/"},"author":{"name":"admin","@id":"https:\/\/www.skydiveinterlaken.ch\/#\/schema\/person\/c0b8785524eaab5a5d219e16b4bd7657"},"headline":"Fallschirmspringer-Wetter. Gute und schlecht Wetterverh\u00e4ltnisse.","datePublished":"2020-06-29T19:07:05+00:00","mainEntityOfPage":{"@id":"https:\/\/www.skydiveinterlaken.ch\/de\/blog\/fallschirmspringer-wetter-gute-und-schlecht-wetterverhaeltnisse\/"},"wordCount":672,"commentCount":0,"publisher":{"@id":"https:\/\/www.skydiveinterlaken.ch\/#organization"},"image":{"@id":"https:\/\/www.skydiveinterlaken.ch\/de\/blog\/fallschirmspringer-wetter-gute-und-schlecht-wetterverhaeltnisse\/#primaryimage"},"thumbnailUrl":"https:\/\/www.skydiveinterlaken.ch\/wp-content\/uploads\/2020\/06\/4P1A8473-2.jpg","keywords":["Fallschirmspringen","Fallschirmspringen Schweiz","Fallschirmspringen Schweizer Alpen"],"articleSection":["Fallschirmsprung"],"inLanguage":"de","potentialAction":[{"@type":"CommentAction","name":"Comment","target":["https:\/\/www.skydiveinterlaken.ch\/de\/blog\/fallschirmspringer-wetter-gute-und-schlecht-wetterverhaeltnisse\/#respond"]}]},{"@type":"WebPage","@id":"https:\/\/www.skydiveinterlaken.ch\/de\/blog\/fallschirmspringer-wetter-gute-und-schlecht-wetterverhaeltnisse\/","url":"https:\/\/www.skydiveinterlaken.ch\/de\/blog\/fallschirmspringer-wetter-gute-und-schlecht-wetterverhaeltnisse\/","name":"Fallschirmspringer-Wetter. Gute und schlecht Wetterverh\u00e4ltnisse. - Skydive Interlaken","isPartOf":{"@id":"https:\/\/www.skydiveinterlaken.ch\/#website"},"primaryImageOfPage":{"@id":"https:\/\/www.skydiveinterlaken.ch\/de\/blog\/fallschirmspringer-wetter-gute-und-schlecht-wetterverhaeltnisse\/#primaryimage"},"image":{"@id":"https:\/\/www.skydiveinterlaken.ch\/de\/blog\/fallschirmspringer-wetter-gute-und-schlecht-wetterverhaeltnisse\/#primaryimage"},"thumbnailUrl":"https:\/\/www.skydiveinterlaken.ch\/wp-content\/uploads\/2020\/06\/4P1A8473-2.jpg","datePublished":"2020-06-29T19:07:05+00:00","breadcrumb":{"@id":"https:\/\/www.skydiveinterlaken.ch\/de\/blog\/fallschirmspringer-wetter-gute-und-schlecht-wetterverhaeltnisse\/#breadcrumb"},"inLanguage":"de","potentialAction":[{"@type":"ReadAction","target":["https:\/\/www.skydiveinterlaken.ch\/de\/blog\/fallschirmspringer-wetter-gute-und-schlecht-wetterverhaeltnisse\/"]}]},{"@type":"ImageObject","inLanguage":"de","@id":"https:\/\/www.skydiveinterlaken.ch\/de\/blog\/fallschirmspringer-wetter-gute-und-schlecht-wetterverhaeltnisse\/#primaryimage","url":"https:\/\/www.skydiveinterlaken.ch\/wp-content\/uploads\/2020\/06\/4P1A8473-2.jpg","contentUrl":"https:\/\/www.skydiveinterlaken.ch\/wp-content\/uploads\/2020\/06\/4P1A8473-2.jpg","width":1920,"height":1536,"caption":"tandem skydiving"},{"@type":"BreadcrumbList","@id":"https:\/\/www.skydiveinterlaken.ch\/de\/blog\/fallschirmspringer-wetter-gute-und-schlecht-wetterverhaeltnisse\/#breadcrumb","itemListElement":[{"@type":"ListItem","position":1,"name":"Home","item":"https:\/\/www.skydiveinterlaken.ch\/de\/"},{"@type":"ListItem","position":2,"name":"Fallschirmspringer-Wetter. Gute und schlecht Wetterverh\u00e4ltnisse."}]},{"@type":"WebSite","@id":"https:\/\/www.skydiveinterlaken.ch\/#website","url":"https:\/\/www.skydiveinterlaken.ch\/","name":"Skydive Interlaken","description":"","publisher":{"@id":"https:\/\/www.skydiveinterlaken.ch\/#organization"},"potentialAction":[{"@type":"SearchAction","target":{"@type":"EntryPoint","urlTemplate":"https:\/\/www.skydiveinterlaken.ch\/?s={search_term_string}"},"query-input":{"@type":"PropertyValueSpecification","valueRequired":true,"valueName":"search_term_string"}}],"inLanguage":"de"},{"@type":"Organization","@id":"https:\/\/www.skydiveinterlaken.ch\/#organization","name":"Skydive Interlaken","url":"https:\/\/www.skydiveinterlaken.ch\/","logo":{"@type":"ImageObject","inLanguage":"de","@id":"https:\/\/www.skydiveinterlaken.ch\/#\/schema\/logo\/image\/","url":"https:\/\/www.skydiveinterlaken.ch\/wp-content\/uploads\/2025\/07\/google-icon.png","contentUrl":"https:\/\/www.skydiveinterlaken.ch\/wp-content\/uploads\/2025\/07\/google-icon.png","width":512,"height":512,"caption":"Skydive Interlaken"},"image":{"@id":"https:\/\/www.skydiveinterlaken.ch\/#\/schema\/logo\/image\/"}},{"@type":"Person","@id":"https:\/\/www.skydiveinterlaken.ch\/#\/schema\/person\/c0b8785524eaab5a5d219e16b4bd7657","name":"admin","image":{"@type":"ImageObject","inLanguage":"de","@id":"https:\/\/secure.gravatar.com\/avatar\/82dc830957d4cafcdb06be30c3086ca0387b88d6bb83d08ea28a46fdd6e75837?s=96&d=mm&r=g","url":"https:\/\/secure.gravatar.com\/avatar\/82dc830957d4cafcdb06be30c3086ca0387b88d6bb83d08ea28a46fdd6e75837?s=96&d=mm&r=g","contentUrl":"https:\/\/secure.gravatar.com\/avatar\/82dc830957d4cafcdb06be30c3086ca0387b88d6bb83d08ea28a46fdd6e75837?s=96&d=mm&r=g","caption":"admin"},"url":"https:\/\/www.skydiveinterlaken.ch\/de\/blog\/author\/admin\/"}]}},"_links":{"self":[{"href":"https:\/\/www.skydiveinterlaken.ch\/de\/wp-json\/wp\/v2\/posts\/4774","targetHints":{"allow":["GET"]}}],"collection":[{"href":"https:\/\/www.skydiveinterlaken.ch\/de\/wp-json\/wp\/v2\/posts"}],"about":[{"href":"https:\/\/www.skydiveinterlaken.ch\/de\/wp-json\/wp\/v2\/types\/post"}],"author":[{"embeddable":true,"href":"https:\/\/www.skydiveinterlaken.ch\/de\/wp-json\/wp\/v2\/users\/1"}],"replies":[{"embeddable":true,"href":"https:\/\/www.skydiveinterlaken.ch\/de\/wp-json\/wp\/v2\/comments?post=4774"}],"version-history":[{"count":0,"href":"https:\/\/www.skydiveinterlaken.ch\/de\/wp-json\/wp\/v2\/posts\/4774\/revisions"}],"wp:featuredmedia":[{"embeddable":true,"href":"https:\/\/www.skydiveinterlaken.ch\/de\/wp-json\/wp\/v2\/media\/4752"}],"wp:attachment":[{"href":"https:\/\/www.skydiveinterlaken.ch\/de\/wp-json\/wp\/v2\/media?parent=4774"}],"wp:term":[{"taxonomy":"category","embeddable":true,"href":"https:\/\/www.skydiveinterlaken.ch\/de\/wp-json\/wp\/v2\/categories?post=4774"},{"taxonomy":"post_tag","embeddable":true,"href":"https:\/\/www.skydiveinterlaken.ch\/de\/wp-json\/wp\/v2\/tags?post=4774"}],"curies":[{"name":"wp","href":"https:\/\/api.w.org\/{rel}","templated":true}]}}